{"id":11603,"date":"2025-01-06T12:21:50","date_gmt":"2025-01-06T12:21:50","guid":{"rendered":"https:\/\/liveclass.ritmodobrazil.com\/?p=11603"},"modified":"2025-09-22T19:38:12","modified_gmt":"2025-09-22T19:38:12","slug":"pourquoi-le-vide-numerique-reflete-t-il-nos-limites-humaines","status":"publish","type":"post","link":"https:\/\/liveclass.ritmodobrazil.com\/index.php\/2025\/01\/06\/pourquoi-le-vide-numerique-reflete-t-il-nos-limites-humaines\/","title":{"rendered":"Pourquoi le vide num\u00e9rique refl\u00e8te-t-il nos limites humaines ?"},"content":{"rendered":"<div style=\"margin: 20px auto; max-width: 900px; font-family: Arial, sans-serif; line-height: 1.6; font-size: 18px; color: #333;\">\n<p style=\"margin-bottom: 20px;\">Dans notre soci\u00e9t\u00e9 contemporaine, le \u00ab <strong>vide num\u00e9rique<\/strong> \u00bb est devenu un concept central pour comprendre les enjeux li\u00e9s \u00e0 l\u2019usage des technologies digitales. En France, o\u00f9 l\u2019innovation technologique se m\u00eale \u00e0 une riche tradition culturelle, cette notion soul\u00e8ve des questions fondamentales sur nos capacit\u00e9s cognitives, sensorielles et \u00e9motionnelles face \u00e0 l\u2019immensit\u00e9 du monde digital. Mais qu\u2019est-ce que le vide num\u00e9rique, concr\u00e8tement ? Et pourquoi cette absence apparente, cette \u00ab vacuit\u00e9 \u00bb dans notre exp\u00e9rience num\u00e9rique, r\u00e9v\u00e8le-t-elle surtout nos limites intrins\u00e8ques ?<\/p>\n<div style=\"margin-top: 30px; margin-bottom: 30px; text-align: center;\">\n<a href=\"#sommaire\" style=\"background-color: #2980b9; color: #fff; padding: 10px 20px; text-decoration: none; border-radius: 5px; font-weight: bold;\">Acc\u00e9der au sommaire<\/a>\n<\/div>\n<h2 id=\"sommaire\" style=\"font-size: 24px; color: #34495e; border-bottom: 2px solid #bdc3c7; padding-bottom: 10px;\">Table des mati\u00e8res<\/h2>\n<ul style=\"list-style-type: decimal; padding-left: 20px; margin-top: 15px;\">\n<li><a href=\"#nature\" style=\"color: #2980b9; text-decoration: none;\">La nature du vide num\u00e9rique : un miroir de nos capacit\u00e9s cognitives et sensorielles<\/a><\/li>\n<li><a href=\"#limites\" style=\"color: #2980b9; text-decoration: none;\">Les limites humaines \u00e0 l\u2019\u00e8re du num\u00e9rique : un regard psychologique et culturel<\/a><\/li>\n<li><a href=\"#exemples\" style=\"color: #2980b9; text-decoration: none;\">Les exemples concrets illustrant nos limites : du hasard aux biais cognitifs<\/a><\/li>\n<li><a href=\"#culture\" style=\"color: #2980b9; text-decoration: none;\">La dimension culturelle fran\u00e7aise face au vide num\u00e9rique<\/a><\/li>\n<li><a href=\"#ethique\" style=\"color: #2980b9; text-decoration: none;\">Les enjeux \u00e9thiques et \u00e9ducatifs li\u00e9s au vide num\u00e9rique et \u00e0 nos limites<\/a><\/li>\n<li><a href=\"#conclusion\" style=\"color: #2980b9; text-decoration: none;\">Conclusion : comprendre nos limites pour mieux appr\u00e9hender l\u2019avenir num\u00e9rique<\/a><\/li>\n<\/ul>\n<h2 id=\"nature\" style=\"font-size: 22px; color: #34495e; margin-top: 40px; border-bottom: 2px solid #bdc3c7; padding-bottom: 10px;\">La nature du vide num\u00e9rique : un miroir de nos capacit\u00e9s cognitives et sensorielles<\/h2>\n<h3 style=\"font-size: 20px; color: #2c3e50; margin-top: 30px;\">a. La perception du vide dans le monde digital : limites sensorielles et attentionnelles<\/h3>\n<p style=\"margin-bottom: 20px;\">Le vide num\u00e9rique, souvent per\u00e7u comme une absence ou une zone d\u2019inactivit\u00e9 dans nos \u00e9crans, refl\u00e8te en r\u00e9alit\u00e9 nos capacit\u00e9s sensorielles et attentionnelles. En France, o\u00f9 la culture de la contemplation, notamment dans la peinture ou la litt\u00e9rature, valorise souvent la \u00ab vacuit\u00e9 \u00bb comme espace de r\u00e9flexion, cette perception s\u2019inscrit dans une tradition philosophique. Sur le plan cognitif, notre attention est limit\u00e9e : selon des \u00e9tudes de chercheurs fran\u00e7ais comme Antoine Lutz, la surcharge informationnelle provoque une diminution de notre capacit\u00e9 \u00e0 concentrer notre attention sur une seule t\u00e2che, cr\u00e9ant ainsi une sensation de vide ou d\u2019inefficacit\u00e9 face \u00e0 une multitude de stimuli.<\/p>\n<h3 style=\"font-size: 20px; color: #2c3e50; margin-top: 30px;\">b. La gestion de l\u2019information : surcharg\u00e9e ou insuffisante, comment cela refl\u00e8te nos capacit\u00e9s mentales<\/h3>\n<p style=\"margin-bottom: 20px;\">La gestion de l\u2019information dans le monde num\u00e9rique fran\u00e7ais, que ce soit par le biais des r\u00e9seaux sociaux ou des plateformes d\u2019information, illustre \u00e0 quel point nos capacit\u00e9s mentales sont mises \u00e0 rude \u00e9preuve. La surcharge d\u2019informations, souvent qualifi\u00e9e de \u00ab surcharge cognitive \u00bb par des psychologues fran\u00e7ais comme Jean-Charles Desmoulins, r\u00e9v\u00e8le nos limites \u00e0 filtrer, organiser et prioriser. Parfois, cette surcharge m\u00e8ne \u00e0 l\u2019\u00e9mergence d\u2019un vide int\u00e9rieur, o\u00f9 l\u2019individu se sent d\u00e9connect\u00e9, face \u00e0 un flux ininterrompu de donn\u00e9es.<\/p>\n<h2 id=\"limites\" style=\"font-size: 22px; color: #34495e; margin-top: 40px; border-bottom: 2px solid #bdc3c7; padding-bottom: 10px;\">Les limites humaines \u00e0 l\u2019\u00e8re du num\u00e9rique : un regard psychologique et culturel<\/h2>\n<h3 style=\"font-size: 20px; color: #2c3e50; margin-top: 30px;\">a. La fatigue cognitive et l\u2019\u00e9rosion de la concentration face \u00e0 la multiplication des stimuli<\/h3>\n<p style=\"margin-bottom: 20px;\">Face \u00e0 l\u2019intensification des stimuli num\u00e9riques, la fatigue cognitive devient un ph\u00e9nom\u00e8ne courant en France, notamment chez les jeunes. Selon une \u00e9tude de l\u2019INSERM, l\u2019exposition prolong\u00e9e aux \u00e9crans entra\u00eene une baisse de la capacit\u00e9 de concentration, un ph\u00e9nom\u00e8ne que la soci\u00e9t\u00e9 fran\u00e7aise tente de contrer par des campagnes \u00e9ducatives sur la ma\u00eetrise du temps d\u2019\u00e9cran. La surcharge sensorielle participe \u00e0 la sensation de vide, quand l\u2019esprit fatigue et se d\u00e9sengage, illustrant notre limite \u00e0 traiter simultan\u00e9ment une multitude d\u2019informations.<\/p>\n<h3 style=\"font-size: 20px; color: #2c3e50; margin-top: 30px;\">b. La peur de l\u2019inconnu et de l\u2019abandon face \u00e0 l\u2019immensit\u00e9 du vide num\u00e9rique<\/h3>\n<p style=\"margin-bottom: 20px;\">La peur de l\u2019inconnu, profond\u00e9ment ancr\u00e9e dans la culture fran\u00e7aise \u00e0 travers des figures litt\u00e9raires comme Baudelaire ou Camus, trouve une nouvelle expression dans notre rapport au vide num\u00e9rique. L\u2019angoisse de perdre le contr\u00f4le ou d\u2019\u00eatre abandonn\u00e9 dans cet espace infini pousse certains \u00e0 rejeter ou \u00e0 craindre la technologie. Cette peur, souvent aliment\u00e9e par une m\u00e9fiance culturelle envers l\u2019innovation rapide, refl\u00e8te nos limites \u00e0 accepter l\u2019immense vide comme un espace de potentialit\u00e9s plut\u00f4t que d\u2019angoisse.<\/p>\n<h2 id=\"exemples\" style=\"font-size: 22px; color: #34495e; margin-top: 40px; border-bottom: 2px solid #bdc3c7; padding-bottom: 10px;\">Les exemples concrets illustrant nos limites : du hasard aux biais cognitifs<\/h2>\n<h3 style=\"font-size: 20px; color: #2c3e50; margin-top: 30px;\">a. Les pixels morts et leur origine al\u00e9atoire : analogie avec nos failles invisibles<\/h3>\n<p style=\"margin-bottom: 20px;\">Les pixels morts sur un \u00e9cran, souvent dus \u00e0 des d\u00e9fauts mat\u00e9riels ou \u00e0 des erreurs al\u00e9atoires lors de la fabrication, illustrent parfaitement nos failles invisibles. Tout comme un pixel inactif r\u00e9v\u00e8le une faiblesse technique, nos failles personnelles ou cognitives restent souvent invisibles, mais influencent notre comportement et nos d\u00e9cisions. En France, cette analogie est fr\u00e9quemment utilis\u00e9e pour sensibiliser \u00e0 l\u2019importance de l\u2019entretien mental et de la r\u00e9silience face aux d\u00e9faillances silencieuses.<\/p>\n<h3 style=\"font-size: 20px; color: #2c3e50; margin-top: 30px;\">b. Le daltonisme et la perception des couleurs : une limitation sensorielle incontournable<\/h3>\n<p style=\"margin-bottom: 20px;\">Le daltonisme, une condition sensorielle souvent sous-estim\u00e9e, limite la perception de certaines couleurs. Sur le plan num\u00e9rique, cela traduit nos limites sensorielles \u00e0 percevoir l\u2019ensemble du spectre lumineux, influen\u00e7ant notre compr\u00e9hension du monde. En France, o\u00f9 la peinture impressionniste comme celle de Monet joue avec la perception de la lumi\u00e8re, cette limitation sensorielle nous rappelle que notre exp\u00e9rience du r\u00e9el est toujours filtr\u00e9e par nos sens, et donc, par nos limites.<\/p>\n<h3 style=\"font-size: 20px; color: #2c3e50; margin-top: 30px;\">c. La temp\u00e9rature de combustion du papier (451\u00b0F) et la r\u00e9activit\u00e9 face \u00e0 l\u2019urgence : la m\u00e9taphore du \u00ab feu int\u00e9rieur \u00bb<\/h3>\n<p style=\"margin-bottom: 20px;\">La r\u00e9f\u00e9rence \u00e0 451\u00b0F, temp\u00e9rature \u00e0 laquelle le papier s\u2019enflamme, \u00e9voque la r\u00e9activit\u00e9 n\u00e9cessaire face \u00e0 l\u2019urgence. Dans un contexte num\u00e9rique, cette m\u00e9taphore illustre notre \u00ab feu int\u00e9rieur \u00bb \u2014 cette capacit\u00e9 \u00e0 r\u00e9agir rapidement face aux crises. Cependant, tout comme le papier a une limite de r\u00e9sistance, nos r\u00e9ponses \u00e9motionnelles et cognitives ont des seuils. La culture fran\u00e7aise, avec ses r\u00e9f\u00e9rences litt\u00e9raires \u00e0 la passion et \u00e0 l\u2019engagement, montre que cette capacit\u00e9 \u00e0 r\u00e9agir doit \u00eatre \u00e9quilibr\u00e9e pour \u00e9viter l\u2019\u00e9puisement ou le vide int\u00e9rieur.<\/p>\n<h3 style=\"font-size: 20px; color: #2c3e50; margin-top: 30px;\">d. \u00ab 100 Burning Hot \u00bb : comment un jeu de hasard moderne illustre nos limites face \u00e0 la chance et \u00e0 l\u2019incertitude<\/h3>\n<p style=\"margin-bottom: 20px;\">Ce jeu de hasard, \u00e9voqu\u00e9 dans le contexte fran\u00e7ais, symbolise notre rapport \u00e0 l\u2019incertitude. En effet, comme dans le jeu \u00ab <a href=\"https:\/\/100-burninghot.fr\/\" style=\"color: #e74c3c; text-decoration: underline;\">100 burning hot<\/a> \u00bb, o\u00f9 la chance d\u00e9termine l\u2019issue, notre vie est souvent soumise \u00e0 des \u00e9l\u00e9ments al\u00e9atoires que nous ne ma\u00eetrisons pas. Cela r\u00e9v\u00e8le nos limites face \u00e0 l\u2019inconnu, \u00e0 l\u2019impr\u00e9visibilit\u00e9, mais aussi notre besoin de trouver un sens dans ce vide apparent.<\/p>\n<h2 id=\"culture\" style=\"font-size: 22px; color: #34495e; margin-top: 40px; border-bottom: 2px solid #bdc3c7; padding-bottom: 10px;\">La dimension culturelle fran\u00e7aise face au vide num\u00e9rique<\/h2>\n<h3 style=\"font-size: 20px; color: #2c3e50; margin-top: 30px;\">a. La tradition artistique et litt\u00e9raire : l\u2019art du vide dans la philosophie fran\u00e7aise (ex : C\u00e9zanne, Baudelaire)<\/h3>\n<p style=\"margin-bottom: 20px;\">Depuis l\u2019impressionnisme de C\u00e9zanne jusqu\u2019\u00e0 la po\u00e9sie de Baudelaire, la tradition artistique fran\u00e7aise a toujours explor\u00e9 le concept de vide comme espace de tension, de silence ou de potentialit\u00e9. C\u00e9zanne, par exemple, utilisait le vide pour donner du relief \u00e0 ses paysages, tandis que Baudelaire \u00e9voquait le \u00ab spleen \u00bb comme un vide int\u00e9rieur charg\u00e9 de sens. Ces r\u00e9f\u00e9rences illustrent que, en France, le vide n\u2019est pas seulement absence, mais aussi un espace d\u2019expression et de cr\u00e9ation.<\/p>\n<h3 style=\"font-size: 20px; color: #2c3e50; margin-top: 30px;\">b. La soci\u00e9t\u00e9 fran\u00e7aise face \u00e0 la technophobie ou \u00e0 l\u2019acceptation du num\u00e9rique<\/h3>\n<p style=\"margin-bottom: 20px;\">L\u2019histoire de la France montre une tension entre technophobie et ouverture. Si certains secteurs, tels que l\u2019administration ou l\u2019\u00e9ducation, adoptent rapidement le num\u00e9rique, d\u2019autres restent m\u00e9fiants, privil\u00e9giant la protection des valeurs humaines face \u00e0 la d\u00e9shumanisation potentielle. Cette dualit\u00e9 refl\u00e8te nos limites culturelles \u00e0 accepter totalement le vide num\u00e9rique comme espace d\u2019innovation, tout en conservant un attachement \u00e0 la richesse du vide artistique ou litt\u00e9raire.<\/p>\n<h2 id=\"ethique\" style=\"font-size: 22px; color: #34495e; margin-top: 40px; border-bottom: 2px solid #bdc3c7; padding-bottom: 10px;\">Les enjeux \u00e9thiques et \u00e9ducatifs li\u00e9s au vide num\u00e9rique et \u00e0 nos limites<\/h2>\n<h3 style=\"font-size: 20px; color: #2c3e50; margin-top: 30px;\">a. La n\u00e9cessit\u00e9 de d\u00e9velopper une conscience critique face aux limites du num\u00e9rique<\/h3>\n<p style=\"margin-bottom: 20px;\">Il est essentiel d\u2019\u00e9duquer \u00e0 la conscience critique pour \u00e9viter que le vide num\u00e9rique ne devienne une source d\u2019ali\u00e9nation. En France, des initiatives \u00e9ducatives encouragent la r\u00e9flexion sur l\u2019impact des technologies, afin que chacun comprenne ses propres limites et apprenne \u00e0 naviguer dans cet espace sans se perdre. La ma\u00eetrise de l\u2019attention, notamment, est une comp\u00e9tence cl\u00e9 pour pr\u00e9venir le sentiment d\u2019inefficacit\u00e9 ou de vide int\u00e9rieur.<\/p>\n<h3 style=\"font-size: 20px; color: #2c3e50; margin-top: 30px;\">b. L\u2019\u00e9ducation \u00e0 la ma\u00eetrise de l\u2019attention et \u00e0 la gestion du vide digital<\/h3>\n<p style=\"margin-bottom: 20px;\">L\u2019apprentissage de la gestion du temps d\u2019\u00e9cran, la pratique de la pleine conscience et la valorisation des activit\u00e9s physiques ou artistiques sont autant de strat\u00e9gies recommand\u00e9es dans le syst\u00e8me \u00e9ducatif fran\u00e7ais. L\u2019objectif est de transformer le vide num\u00e9rique en un espace de croissance plut\u00f4t que de stagnation, en cultivant la r\u00e9silience face \u00e0 nos limites naturelles.<\/p>\n<h2 id=\"conclusion\" style=\"font-size: 22px; color: #34495e; margin-top: 40px; border-bottom: 2px solid #bdc3c7; padding-bottom: 10px;\">Conclusion : comprendre nos limites pour mieux appr\u00e9hender l\u2019avenir num\u00e9rique<\/h2>\n<p style=\"margin-bottom: 20px;\">Le <em>vide num\u00e9rique<\/em> appara\u00eet ainsi comme une invitation \u00e0 l\u2019introspection. En comprenant nos limites\u2014qu\u2019elles soient cognitives, sensorielles ou culturelles\u2014nous pouvons envisager une relation plus \u00e9quilibr\u00e9e avec la technologie. La tradition fran\u00e7aise, riche en r\u00e9flexions sur l\u2019espace vide comme espace de potentiel, nous enseigne que ce vide, loin d\u2019\u00eatre un simple manque, peut devenir un levier pour renforcer notre r\u00e9silience et notre cr\u00e9ativit\u00e9.<\/p>\n<p style=\"margin-bottom: 20px;\">En d\u00e9finitive, l\u2019enjeu n\u2019est pas seulement de remplir ce vide, mais de l\u2019appr\u00e9hender comme une composante essentielle de notre humanit\u00e9. La ma\u00eetrise de cet espace, associ\u00e9 \u00e0 une \u00e9ducation adapt\u00e9e, permettra \u00e0 notre soci\u00e9t\u00e9 de faire face aux d\u00e9fis du futur num\u00e9rique tout en conservant la richesse de notre h\u00e9ritage culturel.<\/p>\n<blockquote style=\"border-left: 4px solid #2980b9; padding-left: 15px; color: #555; font-style: italic; margin-top: 30px;\"><p>\u00ab Le vide n\u2019est pas l\u2019absence, mais une invitation \u00e0 la cr\u00e9ation et \u00e0 la r\u00e9flexion. \u00bb \u2014 Citation imaginaire<\/p><\/blockquote>\n<\/div>\n","protected":false},"excerpt":{"rendered":"<p>Dans notre soci\u00e9t\u00e9 contemporaine, le \u00ab vide num\u00e9rique \u00bb est devenu un concept central pour comprendre les enjeux li\u00e9s \u00e0 l\u2019usage des technologies digitales. En France, o\u00f9 l\u2019innovation technologique se m\u00eale \u00e0 une riche tradition culturelle, cette notion soul\u00e8ve des questions fondamentales sur nos capacit\u00e9s cognitives, sensorielles et \u00e9motionnelles face \u00e0 l\u2019immensit\u00e9 du monde digital. [&hellip;]<\/p>\n","protected":false},"author":1,"featured_media":0,"comment_status":"open","ping_status":"open","sticky":false,"template":"","format":"standard","meta":[],"categories":[1],"tags":[],"_links":{"self":[{"href":"https:\/\/liveclass.ritmodobrazil.com\/index.php\/wp-json\/wp\/v2\/posts\/11603"}],"collection":[{"href":"https:\/\/liveclass.ritmodobrazil.com\/index.php\/wp-json\/wp\/v2\/posts"}],"about":[{"href":"https:\/\/liveclass.ritmodobrazil.com\/index.php\/wp-json\/wp\/v2\/types\/post"}],"author":[{"embeddable":true,"href":"https:\/\/liveclass.ritmodobrazil.com\/index.php\/wp-json\/wp\/v2\/users\/1"}],"replies":[{"embeddable":true,"href":"https:\/\/liveclass.ritmodobrazil.com\/index.php\/wp-json\/wp\/v2\/comments?post=11603"}],"version-history":[{"count":1,"href":"https:\/\/liveclass.ritmodobrazil.com\/index.php\/wp-json\/wp\/v2\/posts\/11603\/revisions"}],"predecessor-version":[{"id":11604,"href":"https:\/\/liveclass.ritmodobrazil.com\/index.php\/wp-json\/wp\/v2\/posts\/11603\/revisions\/11604"}],"wp:attachment":[{"href":"https:\/\/liveclass.ritmodobrazil.com\/index.php\/wp-json\/wp\/v2\/media?parent=11603"}],"wp:term":[{"taxonomy":"category","embeddable":true,"href":"https:\/\/liveclass.ritmodobrazil.com\/index.php\/wp-json\/wp\/v2\/categories?post=11603"},{"taxonomy":"post_tag","embeddable":true,"href":"https:\/\/liveclass.ritmodobrazil.com\/index.php\/wp-json\/wp\/v2\/tags?post=11603"}],"curies":[{"name":"wp","href":"https:\/\/api.w.org\/{rel}","templated":true}]}}