{"id":12645,"date":"2025-10-02T21:46:50","date_gmt":"2025-10-02T21:46:50","guid":{"rendered":"https:\/\/liveclass.ritmodobrazil.com\/?p=12645"},"modified":"2025-10-10T13:55:35","modified_gmt":"2025-10-10T13:55:35","slug":"l-impact-de-la-diversite-linguistique-sur-la-stabilite-sociale-en-france","status":"publish","type":"post","link":"https:\/\/liveclass.ritmodobrazil.com\/index.php\/2025\/10\/02\/l-impact-de-la-diversite-linguistique-sur-la-stabilite-sociale-en-france\/","title":{"rendered":"L\u2019impact de la diversit\u00e9 linguistique sur la stabilit\u00e9 sociale en France"},"content":{"rendered":"<div style=\"margin:30px 0; font-size:1.2em; line-height:1.6; color:#34495e;\">\n<p>Si l&#8217;on reprend le fil de la r\u00e9flexion initi\u00e9e dans <a href=\"http:\/\/www.picmw.com\/index.php\/la-confusion-linguistique-et-la-peur-du-chaos-dans-la-societe-francaise-contemporaine\/\" style=\"color:#2980b9; text-decoration:none;\">La confusion linguistique et la peur du chaos dans Tower Rush<\/a>, il devient essentiel d&#8217;examiner comment la richesse linguistique de la France peut \u00e0 la fois \u00eatre une source de d\u00e9fi et une opportunit\u00e9 pour la coh\u00e9sion sociale. La question centrale r\u00e9side dans la mani\u00e8re dont cette diversit\u00e9, souvent per\u00e7ue comme une menace, peut devenir un levier pour renforcer l&#8217;unit\u00e9 nationale plut\u00f4t que la fragiliser.<\/p>\n<\/div>\n<h2 style=\"font-size:2em; margin-top:40px; color:#2c3e50;\">1. Origines historiques et linguistiques de la diversit\u00e9 en France<\/h2>\n<h3 style=\"font-size:1.8em; margin-top:30px; color:#34495e;\">a. Histoire de l\u2019immigration et de la multiculturalit\u00e9<\/h3>\n<p style=\"margin-top:15px;\">La France poss\u00e8de une longue histoire d\u2019immigration, qui a fa\u00e7onn\u00e9 sa mosa\u00efque linguistique. Depuis l\u2019\u00e9poque romaine, en passant par la colonisation, jusqu\u2019aux flux migratoires contemporains, chaque vague a apport\u00e9 ses langues et ses cultures. Aujourd\u2019hui, des langues comme l\u2019arabe, le berb\u00e8re, le tamoul ou le cr\u00e9ole sont parl\u00e9es par des millions de citoyens, t\u00e9moignant d\u2019une soci\u00e9t\u00e9 profond\u00e9ment plurilingue. Ces h\u00e9ritages linguistiques, souvent per\u00e7us comme des marqueurs d\u2019alt\u00e9rit\u00e9, participent en r\u00e9alit\u00e9 \u00e0 la complexit\u00e9 culturelle du pays.<\/p>\n<h3 style=\"font-size:1.8em; margin-top:30px; color:#34495e;\">b. \u00c9volution des politiques linguistiques et leur impact<\/h3>\n<p style=\"margin-top:15px;\">Depuis la loi de 1951 sur la r\u00e9gionalisation, la France a progressivement reconnu la richesse de ses langues r\u00e9gionales comme le breton, l\u2019occitan ou le corsu. Cependant, ces politiques ont souvent \u00e9t\u00e9 ambivalentes, oscillant entre reconnaissance et marginalisation. La centralisation de l\u2019\u00c9tat a longtemps privil\u00e9gi\u00e9 le fran\u00e7ais comme seule langue officielle, ce qui a parfois aliment\u00e9 un sentiment d\u2019exclusion parmi les locuteurs de langues minoritaires. Aujourd\u2019hui, un changement de paradigme s\u2019op\u00e8re, avec une volont\u00e9 de valoriser cette diversit\u00e9 comme un atout pour la coh\u00e9sion nationale.<\/p>\n<h3 style=\"font-size:1.8em; margin-top:30px; color:#34495e;\">c. La richesse des langues r\u00e9gionales et leur reconnaissance actuelle<\/h3>\n<p style=\"margin-top:15px;\">Actuellement, plusieurs r\u00e9gions ont obtenu une reconnaissance officielle ou une protection de leurs langues r\u00e9gionales, notamment dans le cadre des lois dites \u00ab Molac \u00bb de 2021. La Bretagne, la Corse ou l\u2019Occitanie voient leurs langues r\u00e9gionales enseign\u00e9es dans certains \u00e9tablissements, contribuant \u00e0 pr\u00e9server cette diversit\u00e9 vivante. Cependant, leur usage reste minoritaire face \u00e0 la dominance du fran\u00e7ais, ce qui soul\u00e8ve la question de leur r\u00f4le dans la construction d\u2019une identit\u00e9 plurielle et inclusive.<\/p>\n<h2 style=\"font-size:2em; margin-top:40px; color:#2c3e50;\">2. La perception sociale de la diversit\u00e9 linguistique en France<\/h2>\n<h3 style=\"font-size:1.8em; margin-top:30px; color:#34495e;\">a. St\u00e9r\u00e9otypes et repr\u00e9sentations m\u00e9diatiques<\/h3>\n<p style=\"margin-top:15px;\">Les m\u00e9dias jouent un r\u00f4le crucial dans la construction des perceptions. La diversit\u00e9 linguistique est souvent associ\u00e9e \u00e0 des clich\u00e9s n\u00e9gatifs, tels que l\u2019image de l\u2019immigr\u00e9 ou du \u00ab marginal \u00bb ne ma\u00eetrisant pas le fran\u00e7ais. Ces st\u00e9r\u00e9otypes alimentent une perception d\u2019ins\u00e9curit\u00e9 linguistique, renfor\u00e7ant la crainte que la multiplicit\u00e9 des langues puisse fragiliser la coh\u00e9sion sociale.<\/p>\n<h3 style=\"font-size:1.8em; margin-top:30px; color:#34495e;\">b. La peur du d\u00e9clin de l\u2019identit\u00e9 nationale<\/h3>\n<p style=\"margin-top:15px;\">Une partie de la population per\u00e7oit la diversit\u00e9 linguistique comme une menace pour l\u2019unit\u00e9 nationale. La peur que le fran\u00e7ais, consid\u00e9r\u00e9 comme vecteur de l\u2019identit\u00e9 r\u00e9publicaine, soit dilu\u00e9 ou remplac\u00e9 par d\u2019autres langues, alimente une r\u00e9sistance \u00e0 toute reconnaissance officielle des langues r\u00e9gionales ou minoritaires.<\/p>\n<h3 style=\"font-size:1.8em; margin-top:30px; color:#34495e;\">c. La construction des discours politiques autour de la langue et de l\u2019int\u00e9gration<\/h3>\n<p style=\"margin-top:15px;\">Les discours politiques oscillent entre valorisation de la diversit\u00e9 et appel \u00e0 l\u2019unit\u00e9. Certains leaders insistent sur la n\u00e9cessit\u00e9 d\u2019un \u00ab seul \u00bb langage pour renforcer la coh\u00e9sion, tandis que d\u2019autres pr\u00f4nent une politique d\u2019inclusion linguistique. La mani\u00e8re dont ces discours sont formul\u00e9s influence directement la perception collective et la volont\u00e9 d\u2019int\u00e9gration.<\/p>\n<h2 style=\"font-size:2em; margin-top:40px; color:#2c3e50;\">3. Les enjeux de coh\u00e9sion sociale li\u00e9s \u00e0 la pluralit\u00e9 linguistique<\/h2>\n<h3 style=\"font-size:1.8em; margin-top:30px; color:#34495e;\">a. La communication interculturelle et ses d\u00e9fis<\/h3>\n<p style=\"margin-top:15px;\">Dans un contexte o\u00f9 les quartiers multiculturels se multiplient, la communication peut devenir un obstacle si la ma\u00eetrise du fran\u00e7ais est insuffisante ou si des codes linguistiques sp\u00e9cifiques entravent la compr\u00e9hension mutuelle. Des initiatives comme les ateliers de m\u00e9diation linguistique ou les programmes d\u2019apprentissage du fran\u00e7ais pour adultes \u00e9trangers contribuent \u00e0 d\u00e9passer ces barri\u00e8res et \u00e0 favoriser un dialogue interculturel plus fluide.<\/p>\n<h3 style=\"font-size:1.8em; margin-top:30px; color:#34495e;\">b. La gestion des conflits linguistiques dans les quartiers et institutions<\/h3>\n<p style=\"margin-top:15px;\">Des tensions ont parfois \u00e9merg\u00e9 dans certains quartiers, notamment lors de d\u00e9bats sur l\u2019affichage bilingue ou l\u2019enseignement des langues r\u00e9gionales. La gestion de ces conflits n\u00e9cessite une approche \u00e9quilibr\u00e9e, qui reconna\u00eet la l\u00e9gitimit\u00e9 de toutes les langues tout en maintenant la primaut\u00e9 de la langue commune, le fran\u00e7ais, comme vecteur d\u2019int\u00e9gration.<\/p>\n<h3 style=\"font-size:1.8em; margin-top:30px; color:#34495e;\">c. La question de l\u2019\u00e9galit\u00e9 d\u2019acc\u00e8s \u00e0 l\u2019\u00e9ducation et aux services publics<\/h3>\n<p style=\"margin-top:15px;\">Les disparit\u00e9s dans l\u2019acc\u00e8s \u00e0 l\u2019\u00e9ducation multilingue ou \u00e0 des services dans plusieurs langues peuvent renforcer les in\u00e9galit\u00e9s sociales. L\u2019enjeu est de garantir \u00e0 tous des chances \u00e9quitables, en int\u00e9grant le multilinguisme dans les programmes scolaires et en adaptant les services publics pour qu\u2019ils soient accessibles \u00e0 tous, quels que soient leur langue ou leur origine.<\/p>\n<h2 style=\"font-size:2em; margin-top:40px; color:#2c3e50;\">4. La diversit\u00e9 linguistique comme facteur de r\u00e9silience sociale<\/h2>\n<h3 style=\"font-size:1.8em; margin-top:30px; color:#34495e;\">a. La valorisation de la diversit\u00e9 comme richesse culturelle<\/h3>\n<p style=\"margin-top:15px;\">Reconna\u00eetre et c\u00e9l\u00e9brer la diversit\u00e9 linguistique contribue \u00e0 renforcer le sentiment d\u2019appartenance et \u00e0 valoriser l\u2019h\u00e9ritage culturel. Festivals, initiatives artistiques ou \u00e9ducatives, comme la Journ\u00e9e des langues r\u00e9gionales, participent \u00e0 cette d\u00e9marche, permettant \u00e0 chacun de voir la pluralit\u00e9 comme une force plut\u00f4t qu\u2019une faiblesse.<\/p>\n<h3 style=\"font-size:1.8em; margin-top:30px; color:#34495e;\">b. L\u2019impact sur l\u2019\u00e9conomie locale et le tourisme<\/h3>\n<p style=\"margin-top:15px;\">Une soci\u00e9t\u00e9 multilingue attire un tourisme plus diversifi\u00e9 et favorise le d\u00e9veloppement d\u2019\u00e9conomies locales. Par exemple, la r\u00e9gion de la Bretagne ou la Corse, en valorisant leur patrimoine linguistique, ont vu leur attractivit\u00e9 augmenter, ce qui contribue \u00e0 la stabilit\u00e9 \u00e9conomique et sociale.<\/p>\n<h3 style=\"font-size:1.8em; margin-top:30px; color:#34495e;\">c. La contribution \u00e0 l\u2019innovation sociale et culturelle en France<\/h3>\n<p style=\"margin-top:15px;\">Les \u00e9changes interculturels nourrissent la cr\u00e9ativit\u00e9 et l\u2019innovation. La diversit\u00e9 linguistique stimule la production artistique, litt\u00e9raire ou technologique, comme en t\u00e9moignent des initiatives dans le domaine des langues minoritaires ou des projets de traduction automatique, qui renforcent la coh\u00e9sion et la r\u00e9silience de la soci\u00e9t\u00e9 fran\u00e7aise.<\/p>\n<h2 style=\"font-size:2em; margin-top:40px; color:#2c3e50;\">5. Les politiques publiques face \u00e0 la diversit\u00e9 linguistique<\/h2>\n<h3 style=\"font-size:1.8em; margin-top:30px; color:#34495e;\">a. Initiatives pour la promotion des langues r\u00e9gionales et minoritaires<\/h3>\n<p style=\"margin-top:15px;\">Plusieurs lois, comme celle de 2015 sur la protection des langues r\u00e9gionales, visent \u00e0 pr\u00e9server ces patrimoines. Des dispositifs de financement, des \u00e9coles immersives et des programmes de sensibilisation ont \u00e9t\u00e9 mis en place pour assurer leur p\u00e9rennit\u00e9.<\/p>\n<h3 style=\"font-size:1.8em; margin-top:30px; color:#34495e;\">b. Programmes \u00e9ducatifs pour favoriser le multilinguisme<\/h3>\n<p style=\"margin-top:15px;\">L\u2019\u00e9ducation nationale encourage d\u00e9sormais l\u2019apprentissage de plusieurs langues d\u00e8s le primaire, avec des sections europ\u00e9ennes ou bilingues. La recherche montre que le multilinguisme favorise non seulement la ma\u00eetrise linguistique, mais aussi le d\u00e9veloppement cognitif et l\u2019ouverture d\u2019esprit.<\/p>\n<h3 style=\"font-size:1.8em; margin-top:30px; color:#34495e;\">c. D\u00e9fis et limites des politiques d\u2019int\u00e9gration linguistique<\/h3>\n<p style=\"margin-top:15px;\">Malgr\u00e9 ces efforts, des freins subsistent, notamment en termes de financement, de formation des enseignants ou de r\u00e9sistance culturelle. La mise en \u0153uvre de politiques r\u00e9ellement inclusives n\u00e9cessite une approche coh\u00e9rente, durable et participative.<\/p>\n<h2 style=\"font-size:2em; margin-top:40px; color:#2c3e50;\">6. La diversit\u00e9 linguistique, un levier pour la stabilit\u00e9 \u00e0 long terme<\/h2>\n<h3 style=\"font-size:1.8em; margin-top:30px; color:#34495e;\">a. La n\u00e9cessit\u00e9 d\u2019un dialogue interculturel renforc\u00e9<\/h3>\n<p style=\"margin-top:15px;\">Le dialogue entre cultures et langues doit \u00eatre encourag\u00e9 pour pr\u00e9venir les malentendus et renforcer la confiance mutuelle. Des institutions telles que l\u2019Institut national de langues et civilisations orientales (INALCO) jouent un r\u00f4le central dans cette dynamique.<\/p>\n<h3 style=\"font-size:1.8em; margin-top:30px; color:#34495e;\">b. La pr\u00e9vention des tensions par l\u2019inclusion linguistique<\/h3>\n<p style=\"margin-top:15px;\">En int\u00e9grant la diversit\u00e9 linguistique dans la sph\u00e8re publique, on limite les frustrations et on \u00e9vite l\u2019\u00e9mergence de tensions. La reconnaissance officielle, la valorisation et l\u2019int\u00e9gration de toutes les langues contribuent \u00e0 faire soci\u00e9t\u00e9.<\/p>\n<h3 style=\"font-size:1.8em; margin-top:30px; color:#34495e;\">c. La construction d\u2019une identit\u00e9 nationale plurielle<\/h3>\n<p style=\"margin-top:15px;\">Une identit\u00e9 inclusive, qui reconnait la place de toutes les langues et cultures, est un pilier pour la stabilit\u00e9. Elle favorise un sentiment d\u2019appartenance partag\u00e9, tout en respectant la diversit\u00e9 des parcours et des origines.<\/p>\n<h2 style=\"font-size:2em; margin-top:40px; color:#2c3e50;\">7. Retour au lien avec la confusion linguistique et la peur du chaos<\/h2>\n<h3 style=\"font-size:1.8em; margin-top:30px; color:#34495e;\">a. Comment la valorisation de la diversit\u00e9 peut apaiser les craintes<\/h3>\n<p style=\"margin-top:15px;\">En montrant que la diversit\u00e9 linguistique n\u2019est pas synonyme de chaos, mais plut\u00f4t de richesse, la soci\u00e9t\u00e9 peut d\u00e9passer ses peurs. La mise en valeur de ces patrimoines contribue \u00e0 une vision positive, o\u00f9 chaque langue devient un pont plut\u00f4t qu\u2019un obstacle.<\/p>\n<h3 style=\"font-size:1.8em; margin-top:30px; color:#34495e;\">b. La n\u00e9cessit\u00e9 d\u2019une vision positive pour d\u00e9passer la peur du d\u00e9sordre<\/h3>\n<p style=\"margin-top:15px;\">Une politique d\u2019inclusion linguistique bas\u00e9e sur l\u2019\u00e9ducation, la reconnaissance et la valorisation permet de transformer la crainte du chaos en une opportunit\u00e9 de renouveau social. La communication doit s\u2019appuyer sur des exemples concrets de succ\u00e8s et de coh\u00e9sion.<\/p>\n<h3 style=\"font-size:1.8em; margin-top:30px; color:#34495e;\">c. La compl\u00e9mentarit\u00e9 entre stabilit\u00e9 linguistique et diversit\u00e9 culturelle<\/h3>\n<p style=\"margin-top:15px;\">Il s\u2019agit de concevoir une stabilit\u00e9 linguistique qui ne soit pas fig\u00e9e, mais dynamique, capable d\u2019int\u00e9grer la diversit\u00e9 sans perdre son unit\u00e9. La soci\u00e9t\u00e9 fran\u00e7aise peut ainsi b\u00e2tir une identit\u00e9 plurielle, solide et ouverte, \u00e9vitant ainsi la peur du chaos \u00e9voqu\u00e9e dans la confusion linguistique et la peur du chaos dans Tower Rush.<\/p>\n","protected":false},"excerpt":{"rendered":"<p>Si l&#8217;on reprend le fil de la r\u00e9flexion initi\u00e9e dans La confusion linguistique et la peur du chaos dans Tower Rush, il devient essentiel d&#8217;examiner comment la richesse linguistique de la France peut \u00e0 la fois \u00eatre une source de d\u00e9fi et une opportunit\u00e9 pour la coh\u00e9sion sociale. La question centrale r\u00e9side dans la mani\u00e8re [&hellip;]<\/p>\n","protected":false},"author":1,"featured_media":0,"comment_status":"open","ping_status":"open","sticky":false,"template":"","format":"standard","meta":[],"categories":[1],"tags":[],"_links":{"self":[{"href":"https:\/\/liveclass.ritmodobrazil.com\/index.php\/wp-json\/wp\/v2\/posts\/12645"}],"collection":[{"href":"https:\/\/liveclass.ritmodobrazil.com\/index.php\/wp-json\/wp\/v2\/posts"}],"about":[{"href":"https:\/\/liveclass.ritmodobrazil.com\/index.php\/wp-json\/wp\/v2\/types\/post"}],"author":[{"embeddable":true,"href":"https:\/\/liveclass.ritmodobrazil.com\/index.php\/wp-json\/wp\/v2\/users\/1"}],"replies":[{"embeddable":true,"href":"https:\/\/liveclass.ritmodobrazil.com\/index.php\/wp-json\/wp\/v2\/comments?post=12645"}],"version-history":[{"count":1,"href":"https:\/\/liveclass.ritmodobrazil.com\/index.php\/wp-json\/wp\/v2\/posts\/12645\/revisions"}],"predecessor-version":[{"id":12646,"href":"https:\/\/liveclass.ritmodobrazil.com\/index.php\/wp-json\/wp\/v2\/posts\/12645\/revisions\/12646"}],"wp:attachment":[{"href":"https:\/\/liveclass.ritmodobrazil.com\/index.php\/wp-json\/wp\/v2\/media?parent=12645"}],"wp:term":[{"taxonomy":"category","embeddable":true,"href":"https:\/\/liveclass.ritmodobrazil.com\/index.php\/wp-json\/wp\/v2\/categories?post=12645"},{"taxonomy":"post_tag","embeddable":true,"href":"https:\/\/liveclass.ritmodobrazil.com\/index.php\/wp-json\/wp\/v2\/tags?post=12645"}],"curies":[{"name":"wp","href":"https:\/\/api.w.org\/{rel}","templated":true}]}}