{"id":20733,"date":"2025-11-26T13:43:37","date_gmt":"2025-11-26T13:43:37","guid":{"rendered":"https:\/\/liveclass.ritmodobrazil.com\/?p=20733"},"modified":"2025-11-28T12:22:19","modified_gmt":"2025-11-28T12:22:19","slug":"tippek-a-legujabb-2023-as-vuelta-es-kivalo-espana-megfigyelesehez-egyesult-allamok-egyesult-kiralysag-kanada-streaming","status":"publish","type":"post","link":"https:\/\/liveclass.ritmodobrazil.com\/index.php\/2025\/11\/26\/tippek-a-legujabb-2023-as-vuelta-es-kivalo-espana-megfigyelesehez-egyesult-allamok-egyesult-kiralysag-kanada-streaming\/","title":{"rendered":"Tippek a leg\u00fajabb, 2023-as Vuelta \u00e9s kiv\u00e1l\u00f3 Espa\u00f1a megfigyel\u00e9s\u00e9hez: Egyes\u00fclt \u00c1llamok, Egyes\u00fclt Kir\u00e1lys\u00e1g, Kanada streaming"},"content":{"rendered":"<p>A sz\u00f6k\u00e9s temp\u00f3j\u00e1nak k\u00f6sz\u00f6nhet\u0151en George Bennett a virtu\u00e1lis GC harmadik hely\u00e9n \u00e1llhat. A leg\u00fajabb boxutca a leg\u00fajabb mez\u0151nyben a hetedik percn\u00e9l hajt ki, amikor Meurisse tov\u00e1bbra is kiv\u00e1l\u00f3, 40 m\u00e1sodperces el\u0151nnyel rendelkezik. Ahhoz, hogy ma m\u00e9g egy rajtot szerezz\u00fcnk, csak egy j\u00f3 kilom\u00e9terre vagyunk a Puerto Aguasantas tetej\u00e9t\u0151l. Az Israel-Prominent Tech-en k\u00e9t motoros indul az \u00fcld\u00f6z\u0151kateg\u00f3ria jobb oldal\u00e1n, akik megpr\u00f3b\u00e1lj\u00e1k Meurisse-t megel\u0151zni, de \u0151 figyelemre m\u00e9lt\u00f3an tartja mag\u00e1t. <!--more--> Kor\u00e1bban eml\u00edtettem, hogy a La Vuelta 2021-ben Padr\u00f3nba tervez, az \u00e9v utols\u00f3 szakasz\u00e1ba.<\/p>\n<h2 id=\"toc-0\">Bet at home alkalmaz\u00e1s &#8211; A legjobb t\u00e9v\u00e9s megold\u00e1sok a leg\u00fajabb Vuelta a great Espa\u00f1a \u00e9lvezet\u00e9hez<\/h2>\n<p>Geo-korl\u00e1toz\u00e1sok haszn\u00e1lhat\u00f3k, de ha mindig itt figyeled a saj\u00e1t ker\u00e9kp\u00e1roz\u00e1sodat, akkor is el\u00e9rheted az el\u00e9rhet\u0151s\u00e9gedet VPN haszn\u00e1lat\u00e1val &#8211; sokkal t\u00f6bbet r\u00f3lad, mint amennyit csak tudsz. Az \u00faj tavaszi szezon klasszikusai meg\u00e9rkeztek, \u00edgy lez\u00e1rulhat, ami azt jelenti, hogy az \u00e9v els\u0151 Grand Tourj\u00e1val, a 2025-\u00f6s La Vuelta Femenin\u00e1val kezd\u0151d\u0151 szakaszversenye. &quot;Nagyon el\u00e9gedett vagyok azzal, hogy milyen j\u00f3l teljes\u00edtett\u00fcnk a csapatban &#8211; igaz\u00e1n \u00f6sszeszedettek voltunk. Amennyire csak tudtunk, az \u00e9len j\u00e1rtunk, Felix Gall nagyszer\u0171en pr\u00f3b\u00e1lkozott az utols\u00f3 emelked\u0151n. Ez azt jelenti, hogy az\u00e9rt vagyunk itt, hogy harcoljunk.&quot; Az utols\u00f3 10 km-n\u00e9l t\u00f6bben a kivezet\u0151 lyukak ism\u00e9t gyakoriak, de Yates m\u00e9g mindig jobb Carapazig. Tudtad a GC n\u00f6veked\u00e9s\u00e9t? Mas t\u00f6bb mint 5 percet \u00edrt al\u00e1 a piros trik\u00f3\u00e9rt, \u00e9s Roglic kevesebb mint hat perccel lemarad.<\/p>\n<ul>\n<li>Wout van Aert sz\u00e1rnyal a kupacb\u00f3l, hogy megszerezze a vadonat\u00faj \u00f6t\u00f6dik helyet, \u00e9s te pedig az utols\u00f3 helyet szerezheted meg a versenyen.<\/li>\n<li>Vil\u00e1gkatonai m\u00e9diav\u00e1llalkoz\u00e1s, amely az alkot\u00e1s \u00e9s az idegen nyelv\u0171 bejegyz\u00e9sek k\u00e9zbes\u00edt\u00e9se ter\u00e9n is kiemelked\u0151.<\/li>\n<li>Az ESPN, az Eurosport, a SlingTV \u00e9s m\u00e9g sok m\u00e1s csatorna \u00e9l\u0151ben k\u00f6zvet\u00edti a Vuelta egy kiv\u00e1l\u00f3 spanyol verseny\u00e9t.<\/li>\n<li>A vadonat\u00faj Vuelta a Espa\u00f1a 2025-ben \u00fcnnepli 80. kiad\u00e1s\u00e1t, amely nagy kit\u00e9r\u0151vel rendelkezik, mivel Olaszorsz\u00e1g gyakran ad otthont a szakaszoknak.<\/li>\n<\/ul>\n<p>A f\u00e9rfi ker\u00e9kp\u00e1ros \u00e9v harmadik \u00e9s tal\u00e1n leg\u00fajabb nagy k\u00f6r\u00fatja Spanyolorsz\u00e1gban kezd\u0151d\u00f6tt a La Vuelta a Espa\u00f1a megrendez\u00e9se \u00f3ta. #LaVuelta25 | Hivatalos k\u00f6zlem\u00e9ny &#8211; Communicaci\u00f3n oficialBiztons\u00e1gi okokb\u00f3l a Los Angeles-i Vuelta 21. szakasza kor\u00e1n v\u00e9get \u00e9rt. Nem lesz dobog\u00f3s kiszolg\u00e1l\u00e1s. A Los Angeles-i La Vuelta 21. szakasz\u00e1t biztons\u00e1gi okokb\u00f3l z\u00e1rt\u00e1k. A ker\u00e9kp\u00e1roz\u00e1st azonban jobb VPN-szolg\u00e1ltat\u00e1sok egyik\u00e9vel k\u00f6vetheti, p\u00e9ld\u00e1ul az ExpressVPN-nel. A leg\u00fajabb 2023-as Vuelta a Espa\u00f1a megtekint\u00e9s\u00e9hez l\u00e1togasson el az SBS Console-ba vagy m\u00e1s weboldalra.<\/p>\n<h2 id=\"toc-1\">Phase cuatro: augusztus 26. szombat, Plasencia \u2013 Pico Villeurcas, 170,4 km<\/h2>\n<p><img src=\"https:\/\/i.guim.co.uk\/img\/media\/2d1fd152ef098c470c57048718905b03133958a6\/19_28_2385_1430\/master\/2385.jpg?width=1200&#038;height=630&#038;quality=85&#038;auto=format&#038;fit=crop&#038;overlay-align=bottom%2Cleft&#038;overlay-width=100p&#038;overlay-base64=L2ltZy9zdGF0aWMvb3ZlcmxheXMvdGctYWdlLTIwMTgucG5n&#038;s=fe696cb3933962ad9acce081e87f43d6\" alt=\"bet at home alkalmaz\u00e1s\"  align=\"left\" border=\"0\"><\/p>\n<p>Az utols\u00f3 szakasz csak Alalpard\u00f3ban volt el\u00e9rhet\u0151, de v\u00e9g\u00fcl bet at home alkalmaz\u00e1s lej\u00e1rt, Madridban m\u00e9g 60 km van h\u00e1tra, mik\u00f6zben a t\u00fcntet\u0151k ellept\u00e9k az utc\u00e1kat, \u00e9s a szervez\u0151ket a szakasz lemond\u00e1sa miatt le\u00e1ll\u00edtott\u00e1k. Jo\u00e3o Almeida (UAE Team Emirates-XRG) a versenyz\u0151 igazolta a gy\u0151zelmet, Tom Pidcock (Q36.5 Pro Bicycling) pedig a harmadik helyen v\u00e9gzett. Az \u00faj Vuelta a Grenada \u00e9l\u0151ben lesz k\u00f6zvet\u00edtve Franciaorsz\u00e1gban, Olaszorsz\u00e1gban \u00e9s N\u00e9metorsz\u00e1gban az Eurosporton \u00e9s az Eurosport User-en (a Discovery+-on kereszt\u00fcl). Az \u00faj Ineos Grenadiers csapat\u00e1t az \u00faj Geraint Thomas vezeti, m\u00edg Jo\u00e3o Almeida \u00e9s Juan Ayuso, az UAE Group Emirates versenyz\u0151je im\u00e1dja a lehet\u0151s\u00e9get, hogy a cs\u00facsra \u00e9rjen.<\/p>\n<p>Az \u00faj bels\u0151 emelked\u0151 nagy sz\u00fcnetet fog jelenteni, azonban v\u00e1rhat\u00f3, hogy az \u00faj versenycsoportok ma d\u00e9lut\u00e1n ut\u00e1n \u00fajabb pr\u00f3b\u00e1lkoz\u00e1sra k\u00e9sz\u00fclnek. Az Egyes\u00fclt \u00c1llamokb\u00f3l a 2024-es Vuelta an excellent Espa\u00f1a nagy r\u00e9sz\u00e9t az NBC \u00e9s a Peacock csatorn\u00e1n k\u00f6zvet\u00edtik. Az NBC k\u00f6zvet\u00edt\u00e9st biztos\u00edt a versenyr\u0151l sz\u00e1mos csatorn\u00e1n, a Hulu pedig \u00e9l\u0151 ad\u00e1st, Fubot, YouTubeTV-t \u00e9s DirecTV-t k\u00edn\u00e1l. Az SBS birtokolja a La Vuelta Femenina jogait Ausztr\u00e1li\u00e1ban, \u00edgy a k\u00f6z\u00f6ns\u00e9g Ausztr\u00e1li\u00e1ban is \u00e9nekelhet egym\u00e1snak az SBS Vicelandre tart\u00f3 versenyekr\u0151l a t\u00e9v\u00e9ben vagy az SBS On the Demand ingyenes online streaming platformj\u00e1n kereszt\u00fcl. Az utols\u00f3 emelked\u0151n\u00e9l g\u00f6rcsben voltam, \u00e9s nem tudtam, hogy tudok-e menni.<\/p>\n<p>Egy alternat\u00edv lehet\u0151s\u00e9g, amir\u0151l tal\u00e1n nem hallott\u00e1l sokat az Egyes\u00fclt \u00c1llamokban \u00e9s Kanad\u00e1ban, a FloBikes. Az el\u0151fizet\u00e9se egy kellemes, 12,99 doll\u00e1ros havi d\u00edj\u00e9rt egy kicsit olcs\u00f3, \u00e9s hozz\u00e1f\u00e9r\u00e9st biztos\u00edt a leg\u00fajabb Vuelta \u00e9l\u0151 k\u00f6zvet\u00edt\u00e9shez, valamint sz\u00e1mos m\u00e1s ker\u00e9kp\u00e1ros t\u00e9m\u00e1j\u00fa tartalomhoz. A frissen regn\u00e1l\u00f3 k\u00e9tszeres helyi bajnok az elm\u00falt \u00f6t \u00e9vben els\u0151 Vuelt\u00e1j\u00e1n szakaszgy\u0151zelmet aratott, \u00e9s a hegyi versenyre is jelentkezhet. A leg\u00fajabb, 80. Vuelta de Espa\u00f1a 21 fokos szakaszb\u00f3l \u00e1ll, \u00e9s 3151 kilom\u00e9teres szakaszt foglal mag\u00e1ban, amely Olaszorsz\u00e1gon, Spanyolorsz\u00e1gon, Andorr\u00e1n \u00e9s Franciaorsz\u00e1gon kereszt\u00fcl vezet. A leg\u00fajabb, 2025-\u00f6s Vuelta augusztus 23-\u00e1n kezd\u0151dik az olaszorsz\u00e1gi Torin\u00f3ban, \u00e9s h\u00e1rom h\u00f3nappal k\u00e9s\u0151bb Madridban, az idegen nyelv\u0171 finansz\u00edroz\u00e1sban \u00e9r v\u00e9get. Kanad\u00e1ban a FloBikes ker\u00e9kp\u00e1ros online streaming szolg\u00e1ltat\u00f3 birtokolja a Vuelta an excel Espa\u00f1a k\u00f6zvet\u00edt\u00e9si jogait.<\/p>\n<h2 id=\"toc-4\">Giro-bajnok Hindley ismeretlen ter\u00fcleten van<\/h2>\n<p><img src=\"https:\/\/i.ytimg.com\/vi\/F8q33b27k8Y\/hqdefault.jpg\" alt=\"bet at home alkalmaz\u00e1s\" style=\"padding: 20px;\" align=\"left\" border=\"1\"><\/p>\n<p>Emellett a Vuelta k\u00f6zvet\u00edt\u00e9s\u00e9t az Eurosport TV-n is k\u00f6vetheted majd a Sky TV-n, a BT Television-\u00f6n vagy a Virgin Media-n kereszt\u00fcl. \u00c9s ott van az \u00faj belga versenyz\u0151, Wout van Aert (Visma Lease-a-Bike), aki azt mondja, hogy visszav\u00e1g a tegnapi frusztr\u00e1ci\u00f3nak, \u00e9s megnyeri a harmadik szakaszt az \u00faj Vuelta egy kiv\u00e1l\u00f3 Espa\u00f1a versenyen. Ma az \u00faj d\u00f6mperek ker\u00fclnek el\u0151t\u00e9rbe, a DSM-Firmenich PostNL a p\u00e1lya jobb oldal\u00e1n haladt. T\u00edz fejjel lemaradva a mez\u0151ny\u00f6d el\u0151tt, egy pillanattal lemaradva. Wout van Aert kiemelkedik a mez\u0151nyb\u0151l, amikor az \u00f6t\u00f6dik helyet tervezi befutni, \u00e9s a sprintben utols\u00f3k\u00e9nt rajtolhat.<\/p>\n<p>Pavel Sivakov seg\u00edteni pr\u00f3b\u00e1l neked van Aert felkutat\u00e1s\u00e1ban, hogy megv\u00e9dhesd csapatt\u00e1rsad, Marc Soler k\u00f6zvetlen poz\u00edci\u00f3j\u00e1t. Felix Gall \u00e9s sok m\u00e1s Decathlon AG2R La Mondiale versenyz\u0151 is ebb\u0151l a kateg\u00f3ri\u00e1b\u00f3l indul. M\u00e1r csak 10 km van h\u00e1tra az Alto del 14%-os konferenci\u00e1j\u00e1ig, mire az \u00fat elkezd kanyarodni. Teh\u00e1t a h\u00edrn\u00e9v\u00e9rt folytatott k\u00fczdelem az\u00f3ta felgyorsult, a lemarad\u00e1sod ma m\u00e1r k\u00e9t perc alatt van. Az \u00faj k\u00f6ztes szakasz kezdete \u00f3ta k\u00fcl\u00f6nleges meccsek lesznek a legmagasabb helyez\u00e9s\u00e9rt a mez\u0151nyben. Az \u00faj lemarad\u00e1s tov\u00e1bbra is lassan cs\u00f6kkenni fog, mik\u00f6zben az \u00faj mez\u0151ny bizonyos vacsor\u00e1t teljes\u00edt.<\/p>\n<p>Az NBC biztos\u00edtja a Vuelta a Espa\u00f1a k\u00f6zvet\u00edt\u00e9si jogait az Egyes\u00fclt \u00c1llamokban. A leg\u00fajabb csata az NBC \u00e9s a csatorna online streaming szolg\u00e1ltat\u00f3ja, a Peacock Television k\u00f6zvet\u00edt\u00e9s\u00e9vel zajlott. Ha ebben az orsz\u00e1gban \u00e9lsz, vagy nyaralni m\u00e9sz, a verseny ut\u00e1ni n\u00e9h\u00e1ny napot tags\u00e1gi d\u00edj n\u00e9lk\u00fcl \u00e9lvezheted.<\/p>\n","protected":false},"excerpt":{"rendered":"<p>A sz\u00f6k\u00e9s temp\u00f3j\u00e1nak k\u00f6sz\u00f6nhet\u0151en George Bennett a virtu\u00e1lis GC harmadik hely\u00e9n \u00e1llhat. A leg\u00fajabb boxutca a leg\u00fajabb mez\u0151nyben a hetedik percn\u00e9l hajt ki, amikor Meurisse tov\u00e1bbra is kiv\u00e1l\u00f3, 40 m\u00e1sodperces el\u0151nnyel rendelkezik. Ahhoz, hogy ma m\u00e9g egy rajtot szerezz\u00fcnk, csak egy j\u00f3 kilom\u00e9terre vagyunk a Puerto Aguasantas tetej\u00e9t\u0151l. Az Israel-Prominent Tech-en k\u00e9t motoros indul az [&hellip;]<\/p>\n","protected":false},"author":1,"featured_media":0,"comment_status":"closed","ping_status":"open","sticky":false,"template":"","format":"standard","meta":[],"categories":[1],"tags":[],"_links":{"self":[{"href":"https:\/\/liveclass.ritmodobrazil.com\/index.php\/wp-json\/wp\/v2\/posts\/20733"}],"collection":[{"href":"https:\/\/liveclass.ritmodobrazil.com\/index.php\/wp-json\/wp\/v2\/posts"}],"about":[{"href":"https:\/\/liveclass.ritmodobrazil.com\/index.php\/wp-json\/wp\/v2\/types\/post"}],"author":[{"embeddable":true,"href":"https:\/\/liveclass.ritmodobrazil.com\/index.php\/wp-json\/wp\/v2\/users\/1"}],"replies":[{"embeddable":true,"href":"https:\/\/liveclass.ritmodobrazil.com\/index.php\/wp-json\/wp\/v2\/comments?post=20733"}],"version-history":[{"count":2,"href":"https:\/\/liveclass.ritmodobrazil.com\/index.php\/wp-json\/wp\/v2\/posts\/20733\/revisions"}],"predecessor-version":[{"id":21575,"href":"https:\/\/liveclass.ritmodobrazil.com\/index.php\/wp-json\/wp\/v2\/posts\/20733\/revisions\/21575"}],"wp:attachment":[{"href":"https:\/\/liveclass.ritmodobrazil.com\/index.php\/wp-json\/wp\/v2\/media?parent=20733"}],"wp:term":[{"taxonomy":"category","embeddable":true,"href":"https:\/\/liveclass.ritmodobrazil.com\/index.php\/wp-json\/wp\/v2\/categories?post=20733"},{"taxonomy":"post_tag","embeddable":true,"href":"https:\/\/liveclass.ritmodobrazil.com\/index.php\/wp-json\/wp\/v2\/tags?post=20733"}],"curies":[{"name":"wp","href":"https:\/\/api.w.org\/{rel}","templated":true}]}}